{"id":5273,"date":"2024-03-05T17:18:00","date_gmt":"2024-03-05T17:18:00","guid":{"rendered":"https:\/\/ctm.u-bourgogne.fr\/?p=5273"},"modified":"2024-03-08T18:10:33","modified_gmt":"2024-03-08T18:10:33","slug":"pr-francois-ghiringhelli-laureat-pour-la-seconde-fois-du-prix-du-fonds-amgen-france-pour-la-science-et-lhumain","status":"publish","type":"post","link":"https:\/\/ctm.ube.fr\/index.php\/2024\/03\/05\/pr-francois-ghiringhelli-laureat-pour-la-seconde-fois-du-prix-du-fonds-amgen-france-pour-la-science-et-lhumain\/","title":{"rendered":"Pr Fran\u00e7ois Ghiringhelli, laur\u00e9at pour la seconde fois du Prix du Fonds Amgen France pour la Science et l\u2019Humain"},"content":{"rendered":"\t\t<div data-elementor-type=\"wp-post\" data-elementor-id=\"5273\" class=\"elementor elementor-5273\">\n\t\t\t\t\t\t<section class=\"elementor-section elementor-top-section elementor-element elementor-element-0ac84d3 elementor-section-boxed elementor-section-height-default elementor-section-height-default\" data-id=\"0ac84d3\" data-element_type=\"section\" data-e-type=\"section\">\n\t\t\t\t\t\t<div class=\"elementor-container elementor-column-gap-default\">\n\t\t\t\t\t<div class=\"elementor-column elementor-col-100 elementor-top-column elementor-element elementor-element-bc9486a\" data-id=\"bc9486a\" data-element_type=\"column\" data-e-type=\"column\">\n\t\t\t<div class=\"elementor-widget-wrap elementor-element-populated\">\n\t\t\t\t\t\t<div class=\"elementor-element elementor-element-5e22a4e elementor-widget elementor-widget-text-editor\" data-id=\"5e22a4e\" data-element_type=\"widget\" data-e-type=\"widget\" data-widget_type=\"text-editor.default\">\n\t\t\t\t<div class=\"elementor-widget-container\">\n\t\t\t\t\t\t\t\t\t<p>Mardi 5 mars 2024, au Centre r\u00e9gional de lutte contre le cancer Georges-Fran\u00e7ois Leclerc (CGFL),<strong><strong><strong> le Pr Fran\u00e7ois Ghiringhelli, <\/strong><\/strong>Directeur de l&rsquo;UMR INSERM 1231 <a href=\"https:\/\/ctm.u-bourgogne.fr\">&#8211; Centre de recherche Translationnelle en M\u00e9decine mol\u00e9culaire (CTM)<\/a>\u00a0 a \u00e9t\u00e9 distingu\u00e9 du <strong><strong>Prix du Fonds Amgen France pour la Science et l\u2019Humain<\/strong><\/strong><\/strong> avec son projet \u00ab R\u00f4le des r\u00e9trovirus endog\u00e8nes et du microbiome intratumoral dans la r\u00e9ponse aux combinaisons de chimio-immunoth\u00e9rapie sur 2 cohortes prospectives \u00bb\u00a0 s\u00e9lectionn\u00e9 dans la cat\u00e9gorie Onco-h\u00e9matologie.<\/p><p>Retrouver toutes les informations sur <a href=\"https:\/\/www.amgeninnovations.fr\/pdf\/Fiche_projet_Ghiringhelli-23-01.pdf\" target=\"_blank\" rel=\"noopener\">le projet sous forme synth\u00e9tis\u00e9e<\/a> ainsi qu&rsquo;<a href=\"https:\/\/www.amgeninnovations.fr\/appel-a-projets\/les_laureats_2023.html\" target=\"_blank\" rel=\"noopener\">en vid\u00e9o<\/a>.<\/p><p>Apr\u00e8s celle obtenue en 2022 pour ses recherches sur le cancer du poumon, c&rsquo;est la seconde fois qu&rsquo;il obtient cette distinction, et cette double distinction est totalement in\u00e9dite pour l&rsquo;attribution de ce prestigieux prix scientifique.<\/p><p>Bravo ! Et Merci \u00e0 Amgen France pour le soutien \u00e0 la Recherche Scientifique et M\u00e9dicale !<\/p><p>La presse en parle : <a href=\"https:\/\/www.lejdc.fr\/dijon-21000\/actualites\/un-chercheur-du-cgfl-de-dijon-recompense-pour-ses-travaux-sur-le-cancer_14463587\/\" target=\"_blank\" rel=\"noopener\">Le Journal du Centre<\/a>, <a href=\"https:\/\/www.bienpublic.com\/sante\/2024\/03\/06\/un-projet-pour-ameliorer-le-traitement-des-cancers-par-immunotherapie\" target=\"_blank\" rel=\"noopener\">Le Bien Public<\/a>, <a href=\"https:\/\/www.infos-dijon.com\/news\/bourgogne-franche-comte\/bourgogne-franche-comte\/sante-le-professeur-francois-ghiringhelli-laureat-pour-la-seconde-fois-du-prix-du-fonds-amgen-france-pour-la-science-et-l-humain-une-premiere.html\" target=\"_blank\" rel=\"noopener\">Infos Dijon<\/a><\/p><p>\u00a0<\/p><p>Cr\u00e9dit photo : Manon Bollery<\/p>\t\t\t\t\t\t\t\t<\/div>\n\t\t\t\t<\/div>\n\t\t\t\t\t<\/div>\n\t\t<\/div>\n\t\t\t\t\t<\/div>\n\t\t<\/section>\n\t\t\t\t<section class=\"elementor-section elementor-top-section elementor-element elementor-element-f49fd79 elementor-section-boxed elementor-section-height-default elementor-section-height-default\" data-id=\"f49fd79\" data-element_type=\"section\" data-e-type=\"section\">\n\t\t\t\t\t\t<div class=\"elementor-container elementor-column-gap-default\">\n\t\t\t\t\t<div class=\"elementor-column elementor-col-100 elementor-top-column elementor-element elementor-element-8c1db1a\" data-id=\"8c1db1a\" data-element_type=\"column\" data-e-type=\"column\">\n\t\t\t<div class=\"elementor-widget-wrap elementor-element-populated\">\n\t\t\t\t\t\t<div class=\"elementor-element elementor-element-eb4910d elementor-widget elementor-widget-image\" data-id=\"eb4910d\" data-element_type=\"widget\" data-e-type=\"widget\" data-widget_type=\"image.default\">\n\t\t\t\t<div class=\"elementor-widget-container\">\n\t\t\t\t\t\t\t\t\t\t\t\t\t\t\t<img fetchpriority=\"high\" decoding=\"async\" width=\"900\" height=\"599\" src=\"https:\/\/ctm.ube.fr\/wp-content\/uploads\/2024\/03\/sante-le-professeur-francois-ghiringhelli-laureat-pour-la-seconde-fois-du-prix-du-fonds-amgen-france-pour-la-science-et-l-humain-une-premiere-426355-1024x682.jpg\" class=\"attachment-large size-large wp-image-5274\" alt=\"\" srcset=\"https:\/\/ctm.ube.fr\/wp-content\/uploads\/2024\/03\/sante-le-professeur-francois-ghiringhelli-laureat-pour-la-seconde-fois-du-prix-du-fonds-amgen-france-pour-la-science-et-l-humain-une-premiere-426355-1024x682.jpg 1024w, https:\/\/ctm.ube.fr\/wp-content\/uploads\/2024\/03\/sante-le-professeur-francois-ghiringhelli-laureat-pour-la-seconde-fois-du-prix-du-fonds-amgen-france-pour-la-science-et-l-humain-une-premiere-426355-300x200.jpg 300w, https:\/\/ctm.ube.fr\/wp-content\/uploads\/2024\/03\/sante-le-professeur-francois-ghiringhelli-laureat-pour-la-seconde-fois-du-prix-du-fonds-amgen-france-pour-la-science-et-l-humain-une-premiere-426355-768x512.jpg 768w, https:\/\/ctm.ube.fr\/wp-content\/uploads\/2024\/03\/sante-le-professeur-francois-ghiringhelli-laureat-pour-la-seconde-fois-du-prix-du-fonds-amgen-france-pour-la-science-et-l-humain-une-premiere-426355.jpg 1300w\" sizes=\"(max-width: 900px) 100vw, 900px\" \/>\t\t\t\t\t\t\t\t\t\t\t\t\t\t\t<\/div>\n\t\t\t\t<\/div>\n\t\t\t\t\t<\/div>\n\t\t<\/div>\n\t\t\t\t\t<\/div>\n\t\t<\/section>\n\t\t\t\t<\/div>\n\t\t","protected":false},"excerpt":{"rendered":"<p>Cr\u00e9dit photo : Manon Bollery<\/p>\n","protected":false},"author":23,"featured_media":5274,"comment_status":"open","ping_status":"open","sticky":false,"template":"","format":"standard","meta":{"footnotes":""},"categories":[2],"tags":[],"class_list":["post-5273","post","type-post","status-publish","format-standard","has-post-thumbnail","hentry","category-actualite"],"aioseo_notices":[],"_links":{"self":[{"href":"https:\/\/ctm.ube.fr\/index.php\/wp-json\/wp\/v2\/posts\/5273","targetHints":{"allow":["GET"]}}],"collection":[{"href":"https:\/\/ctm.ube.fr\/index.php\/wp-json\/wp\/v2\/posts"}],"about":[{"href":"https:\/\/ctm.ube.fr\/index.php\/wp-json\/wp\/v2\/types\/post"}],"author":[{"embeddable":true,"href":"https:\/\/ctm.ube.fr\/index.php\/wp-json\/wp\/v2\/users\/23"}],"replies":[{"embeddable":true,"href":"https:\/\/ctm.ube.fr\/index.php\/wp-json\/wp\/v2\/comments?post=5273"}],"version-history":[{"count":17,"href":"https:\/\/ctm.ube.fr\/index.php\/wp-json\/wp\/v2\/posts\/5273\/revisions"}],"predecessor-version":[{"id":5302,"href":"https:\/\/ctm.ube.fr\/index.php\/wp-json\/wp\/v2\/posts\/5273\/revisions\/5302"}],"wp:featuredmedia":[{"embeddable":true,"href":"https:\/\/ctm.ube.fr\/index.php\/wp-json\/wp\/v2\/media\/5274"}],"wp:attachment":[{"href":"https:\/\/ctm.ube.fr\/index.php\/wp-json\/wp\/v2\/media?parent=5273"}],"wp:term":[{"taxonomy":"category","embeddable":true,"href":"https:\/\/ctm.ube.fr\/index.php\/wp-json\/wp\/v2\/categories?post=5273"},{"taxonomy":"post_tag","embeddable":true,"href":"https:\/\/ctm.ube.fr\/index.php\/wp-json\/wp\/v2\/tags?post=5273"}],"curies":[{"name":"wp","href":"https:\/\/api.w.org\/{rel}","templated":true}]}}