{"id":5657,"date":"2024-06-11T18:42:24","date_gmt":"2024-06-11T18:42:24","guid":{"rendered":"https:\/\/ctm.u-bourgogne.fr\/?p=5657"},"modified":"2024-07-05T11:40:22","modified_gmt":"2024-07-05T11:40:22","slug":"11emes-journees-dimmunologie-immunotherapie-des-cancers-jiic","status":"publish","type":"post","link":"https:\/\/ctm.ube.fr\/index.php\/2024\/06\/11\/11emes-journees-dimmunologie-immunotherapie-des-cancers-jiic\/","title":{"rendered":"11\u00e8mes Journ\u00e9es d&rsquo;Immunologie &amp; Immunoth\u00e9rapie des Cancers (JIIC)"},"content":{"rendered":"\t\t<div data-elementor-type=\"wp-post\" data-elementor-id=\"5657\" class=\"elementor elementor-5657\">\n\t\t\t\t\t\t<section class=\"elementor-section elementor-top-section elementor-element elementor-element-5b72c0 elementor-section-boxed elementor-section-height-default elementor-section-height-default\" data-id=\"5b72c0\" data-element_type=\"section\" data-e-type=\"section\">\n\t\t\t\t\t\t<div class=\"elementor-container elementor-column-gap-default\">\n\t\t\t\t\t<div class=\"elementor-column elementor-col-100 elementor-top-column elementor-element elementor-element-2d4654e9\" data-id=\"2d4654e9\" data-element_type=\"column\" data-e-type=\"column\">\n\t\t\t<div class=\"elementor-widget-wrap elementor-element-populated\">\n\t\t\t\t\t\t<div class=\"elementor-element elementor-element-2c7ded24 elementor-widget elementor-widget-text-editor\" data-id=\"2c7ded24\" data-element_type=\"widget\" data-e-type=\"widget\" data-widget_type=\"text-editor.default\">\n\t\t\t\t<div class=\"elementor-widget-container\">\n\t\t\t\t\t\t\t\t\t\n<p>Suivez le <a title=\"\" href=\"https:\/\/ctm.u-bourgogne.fr\/wp-content\/uploads\/2024\/06\/JIIC_2024.pdf\">programme<\/a><\/p>\n\n<h3 class=\"wp-block-heading\"><strong>Du 10 au 12 d\u00e9cembre 2024 \u2013 Maison des sciences de L\u2019Homme, 6 Esplanade Erasme, Dijon<\/strong><\/h3>\n<hr class=\"wp-block-separator has-alpha-channel-opacity\" \/>\n<p><strong><em>11<sup>\u00e8mes<\/sup>\u00a0Journ\u00e9e d\u2019Immunologie et Immunoth\u00e9rapie des Cancers (JIIC)<\/em><\/strong><\/p>\n\n<p><strong><em>Salle de conf\u00e9rence, la Maison des Sciences de l\u2019Homme, Universit\u00e9 de Bourgogne Franche Comt\u00e9, Dijon<\/em><\/strong><\/p>\n<hr class=\"wp-block-separator has-alpha-channel-opacity\" \/>\n<p><em><strong><u>Mardi 10 D\u00e9cembre :<\/u><\/strong><\/em><\/p>\n\n<p><strong>10h 30 \u2013 11h\u00a0:<\/strong>\u00a0Accueil, caf\u00e9<\/p>\n\n<p><strong>11h \u2013 11h 45 :\u00a0<\/strong>Les structures lympho\u00efdes tertiaires, du marqueur pronostique \u00e0 la cible th\u00e9rapeutique,\u00a0<em><strong>Marie-Caroline Dieu-Nosjean<\/strong><\/em><\/p>\n\n<p><strong>11h45 \u2013 12h 30 :\u00a0<\/strong>H\u00e9t\u00e9rog\u00e9n\u00e9it\u00e9 stromale, Immunosuppression et R\u00e9sistance aux traitements dans les Cancers,\u00a0<em><strong>Fatima Mechta-Grigoriou<\/strong><\/em><\/p>\n\n<p><strong>D\u00e9jeuner<\/strong><\/p>\n\n<p><strong>13h45 \u2013 14h 30\u00a0<\/strong>: Identification and function of the dendritic cell landscape in human tumors,\u00a0<em><strong>Jenny Valladeau-Guilemond<\/strong><\/em><\/p>\n\n<p><strong>14h 30 \u2013 15h 15\u00a0:<\/strong>\u00a0Macrophages subsets and T cell immunity in breast cancer,<em><strong>\u00a0Julie Helft<\/strong><\/em><\/p>\n\n<p><strong>15h15 \u2013 16h\u00a0:<\/strong>\u00a0Influence de la nutrition sur l\u2019efficacit\u00e9 de la th\u00e9rapie anti-PD1,\u00a0<em><strong>Elodie Segura\u00a0<\/strong><\/em><\/p>\n\n<p><strong>16h \u2013 16h 30\u00a0:<\/strong>\u00a0Pause-caf\u00e9<\/p>\n\n<p><strong>16h 30 \u2013 17h 15\u00a0:<\/strong>\u00a0Titre \u00e0 venir,\u00a0<strong><em>Nadine Laguette<\/em><\/strong><\/p>\n\n<p><strong>17h15 \u2013 18h\u00a0:<\/strong>\u00a0Titre \u00e0 venir,\u00a0<strong><em>Nathalie Bonnefoy<\/em><\/strong><\/p>\n\n<p><strong><u>Mercredi 11 D\u00e9cembre :<\/u><\/strong><\/p>\n\n<p><strong>9h \u2013 9h 45 :<\/strong>\u00a0\u00e0 venir<\/p>\n\n<p><strong>9h 45 \u2013 10h 30\u00a0:<\/strong>\u00a0Targeting Tregs in cancer : a translational approach,\u00a0<strong><em>Eliane Piaggio<\/em><\/strong><\/p>\n\n<p><strong>10h 30 \u2013 11h\u00a0:<\/strong>\u00a0Pause-caf\u00e9<\/p>\n\n<p><strong>11h \u2013 11h 45\u00a0:<\/strong>\u00a0Titre \u00e0 venir,\u00a0<em><strong>C\u00e9dric R\u00e9b\u00e9<\/strong><\/em><\/p>\n\n<p><strong>11h 45 \u2013 12h 30\u00a0:<\/strong>\u00a0\u00e0 venir<\/p>\n\n<p><strong>D\u00e9jeuner\u00a0<\/strong><strong>\u00a0<\/strong><\/p>\n\n<p><strong>13h45 \u2013 14h 30\u00a0:<\/strong>\u00a0Biologie tumorale associ\u00e9e \u00e0 l\u2019efficacit\u00e9 et la r\u00e9sistance des combinaisons anti-PD1 + anti-CTLA4 dans les m\u00e9lanomes m\u00e9tastatiques,\u00a0<em><strong>Sandrine Susini<\/strong><\/em><\/p>\n\n<p><strong>14h 30 \u2013 15h 15 :<\/strong>\u00a0Immunoth\u00e9rapie des cancers du colon MSS,\u00a0<strong><em>Fran\u00e7ois Ghiringhelli<\/em><\/strong><\/p>\n\n<p><strong>15h 15 \u2013 16h :<\/strong>\u00a0\u00e0 venir<\/p>\n\n<p><strong>16h \u2013 16h 30\u00a0:<\/strong>\u00a0Pause-caf\u00e9<\/p>\n\n<p><strong>16h 30 \u2013 17h 15\u00a0:<\/strong>\u00a0Comprendre et am\u00e9liorer le fonctionnement des cellules CAR-T,\u00a0<strong><em>Emmanuel Donnadieu\u00a0<\/em><\/strong><\/p>\n\n<p><strong>17h 15 \u2013 18h :\u00a0<\/strong>Titre \u00e0 venir<strong>,\u00a0<\/strong><em><strong>Stephane Potteaux<\/strong><\/em><\/p>\n\n<p><em><strong><u>Jeudi 12 D\u00e9cembre :<\/u><\/strong><\/em><\/p>\n\n<p><strong>9h \u2013 9h 45 :<\/strong>\u00a0\u00e0 venir<\/p>\n\n<p><strong>9h 45 \u2013 10h 30\u00a0:<\/strong>\u00a0\u00e0 venir<\/p>\n\n<p><strong>10h 30 \u2013 11h\u00a0:<\/strong>\u00a0Pause-caf\u00e9<\/p>\n\n<p><strong>11h \u2013 11h 45\u00a0:<\/strong>\u00a0Titre \u00e0 venir,\u00a0<em><strong>Olivier Adot\u00e9vi<\/strong><\/em><\/p>\n\n<p><strong>11h 45 \u2013 12h 30\u00a0:<\/strong>\u00a0Intracellular immune checkpoints<em>,\u00a0<strong>Jacques Nunes<\/strong><\/em><\/p>\n\n<p><strong>12h 30 \u2013 12h 45\u00a0:<\/strong>\u00a0Cl\u00f4ture<\/p>\n\t\t\t\t\t\t\t\t<\/div>\n\t\t\t\t<\/div>\n\t\t\t\t\t<\/div>\n\t\t<\/div>\n\t\t\t\t\t<\/div>\n\t\t<\/section>\n\t\t\t\t<section class=\"elementor-section elementor-top-section elementor-element elementor-element-ce47f08 elementor-section-boxed elementor-section-height-default elementor-section-height-default\" data-id=\"ce47f08\" data-element_type=\"section\" data-e-type=\"section\">\n\t\t\t\t\t\t<div class=\"elementor-container elementor-column-gap-default\">\n\t\t\t\t\t<div class=\"elementor-column elementor-col-25 elementor-top-column elementor-element elementor-element-2687cb2\" data-id=\"2687cb2\" data-element_type=\"column\" data-e-type=\"column\">\n\t\t\t<div class=\"elementor-widget-wrap\">\n\t\t\t\t\t\t\t<\/div>\n\t\t<\/div>\n\t\t\t\t<div class=\"elementor-column elementor-col-25 elementor-top-column elementor-element elementor-element-7e4d7cb\" data-id=\"7e4d7cb\" data-element_type=\"column\" data-e-type=\"column\">\n\t\t\t<div class=\"elementor-widget-wrap\">\n\t\t\t\t\t\t\t<\/div>\n\t\t<\/div>\n\t\t\t\t<div class=\"elementor-column elementor-col-25 elementor-top-column elementor-element elementor-element-2cb64a1\" data-id=\"2cb64a1\" data-element_type=\"column\" data-e-type=\"column\">\n\t\t\t<div class=\"elementor-widget-wrap\">\n\t\t\t\t\t\t\t<\/div>\n\t\t<\/div>\n\t\t\t\t<div class=\"elementor-column elementor-col-25 elementor-top-column elementor-element elementor-element-a0dcd4f\" data-id=\"a0dcd4f\" data-element_type=\"column\" data-e-type=\"column\">\n\t\t\t<div class=\"elementor-widget-wrap elementor-element-populated\">\n\t\t\t\t\t\t<div class=\"elementor-element elementor-element-2573792 elementor-widget elementor-widget-image\" data-id=\"2573792\" data-element_type=\"widget\" data-e-type=\"widget\" data-widget_type=\"image.default\">\n\t\t\t\t<div class=\"elementor-widget-container\">\n\t\t\t\t\t\t\t\t\t\t\t\t\t\t\t<img fetchpriority=\"high\" decoding=\"async\" width=\"900\" height=\"666\" src=\"https:\/\/ctm.ube.fr\/wp-content\/uploads\/2024\/07\/CTM-LOGO-Meeting-EPHE-1024x758.png\" class=\"attachment-large size-large wp-image-5810\" alt=\"\" srcset=\"https:\/\/ctm.ube.fr\/wp-content\/uploads\/2024\/07\/CTM-LOGO-Meeting-EPHE-1024x758.png 1024w, https:\/\/ctm.ube.fr\/wp-content\/uploads\/2024\/07\/CTM-LOGO-Meeting-EPHE-300x222.png 300w, https:\/\/ctm.ube.fr\/wp-content\/uploads\/2024\/07\/CTM-LOGO-Meeting-EPHE-768x568.png 768w, https:\/\/ctm.ube.fr\/wp-content\/uploads\/2024\/07\/CTM-LOGO-Meeting-EPHE-1536x1137.png 1536w, https:\/\/ctm.ube.fr\/wp-content\/uploads\/2024\/07\/CTM-LOGO-Meeting-EPHE-2048x1515.png 2048w\" sizes=\"(max-width: 900px) 100vw, 900px\" \/>\t\t\t\t\t\t\t\t\t\t\t\t\t\t\t<\/div>\n\t\t\t\t<\/div>\n\t\t\t\t\t<\/div>\n\t\t<\/div>\n\t\t\t\t\t<\/div>\n\t\t<\/section>\n\t\t\t\t<\/div>\n\t\t","protected":false},"excerpt":{"rendered":"<p>Suivez le programme Du 10 au 12 d\u00e9cembre 2024 \u2013 Maison des sciences de L\u2019Homme, 6 Esplanade Erasme, Dijon 11\u00e8mes\u00a0Journ\u00e9e d\u2019Immunologie et Immunoth\u00e9rapie des Cancers (JIIC) Salle de conf\u00e9rence, la Maison des Sciences de l\u2019Homme, Universit\u00e9 de Bourgogne Franche Comt\u00e9, Dijon Mardi 10 D\u00e9cembre : 10h 30 \u2013 11h\u00a0:\u00a0Accueil, caf\u00e9 11h \u2013 11h 45 :\u00a0Les &#8230; <a title=\"11\u00e8mes Journ\u00e9es d&rsquo;Immunologie &amp; Immunoth\u00e9rapie des Cancers (JIIC)\" class=\"read-more\" href=\"https:\/\/ctm.ube.fr\/index.php\/2024\/06\/11\/11emes-journees-dimmunologie-immunotherapie-des-cancers-jiic\/\" aria-label=\"En savoir plus sur 11\u00e8mes Journ\u00e9es d&rsquo;Immunologie &amp; Immunoth\u00e9rapie des Cancers (JIIC)\">Lire la suite<\/a><\/p>\n","protected":false},"author":27,"featured_media":5669,"comment_status":"open","ping_status":"open","sticky":false,"template":"","format":"standard","meta":{"footnotes":""},"categories":[2],"tags":[],"class_list":["post-5657","post","type-post","status-publish","format-standard","has-post-thumbnail","hentry","category-actualite"],"aioseo_notices":[],"_links":{"self":[{"href":"https:\/\/ctm.ube.fr\/index.php\/wp-json\/wp\/v2\/posts\/5657","targetHints":{"allow":["GET"]}}],"collection":[{"href":"https:\/\/ctm.ube.fr\/index.php\/wp-json\/wp\/v2\/posts"}],"about":[{"href":"https:\/\/ctm.ube.fr\/index.php\/wp-json\/wp\/v2\/types\/post"}],"author":[{"embeddable":true,"href":"https:\/\/ctm.ube.fr\/index.php\/wp-json\/wp\/v2\/users\/27"}],"replies":[{"embeddable":true,"href":"https:\/\/ctm.ube.fr\/index.php\/wp-json\/wp\/v2\/comments?post=5657"}],"version-history":[{"count":19,"href":"https:\/\/ctm.ube.fr\/index.php\/wp-json\/wp\/v2\/posts\/5657\/revisions"}],"predecessor-version":[{"id":5820,"href":"https:\/\/ctm.ube.fr\/index.php\/wp-json\/wp\/v2\/posts\/5657\/revisions\/5820"}],"wp:featuredmedia":[{"embeddable":true,"href":"https:\/\/ctm.ube.fr\/index.php\/wp-json\/wp\/v2\/media\/5669"}],"wp:attachment":[{"href":"https:\/\/ctm.ube.fr\/index.php\/wp-json\/wp\/v2\/media?parent=5657"}],"wp:term":[{"taxonomy":"category","embeddable":true,"href":"https:\/\/ctm.ube.fr\/index.php\/wp-json\/wp\/v2\/categories?post=5657"},{"taxonomy":"post_tag","embeddable":true,"href":"https:\/\/ctm.ube.fr\/index.php\/wp-json\/wp\/v2\/tags?post=5657"}],"curies":[{"name":"wp","href":"https:\/\/api.w.org\/{rel}","templated":true}]}}