{"id":5681,"date":"2024-06-18T12:11:27","date_gmt":"2024-06-18T12:11:27","guid":{"rendered":"https:\/\/ctm.u-bourgogne.fr\/?p=5681"},"modified":"2024-07-05T11:38:30","modified_gmt":"2024-07-05T11:38:30","slug":"presentation-du-projet-strada-priscilla-logeront","status":"publish","type":"post","link":"https:\/\/ctm.ube.fr\/index.php\/2024\/06\/18\/presentation-du-projet-strada-priscilla-logeront\/","title":{"rendered":"Pr\u00e9sentation du projet STRADA : Priscilla Logeront"},"content":{"rendered":"\t\t<div data-elementor-type=\"wp-post\" data-elementor-id=\"5681\" class=\"elementor elementor-5681\">\n\t\t\t\t\t\t<section class=\"elementor-section elementor-top-section elementor-element elementor-element-d9c6782 elementor-section-boxed elementor-section-height-default elementor-section-height-default\" data-id=\"d9c6782\" data-element_type=\"section\" data-e-type=\"section\">\n\t\t\t\t\t\t<div class=\"elementor-container elementor-column-gap-default\">\n\t\t\t\t\t<div class=\"elementor-column elementor-col-100 elementor-top-column elementor-element elementor-element-71da3c4\" data-id=\"71da3c4\" data-element_type=\"column\" data-e-type=\"column\">\n\t\t\t<div class=\"elementor-widget-wrap elementor-element-populated\">\n\t\t\t\t\t\t<div class=\"elementor-element elementor-element-2ce29ec elementor-widget elementor-widget-heading\" data-id=\"2ce29ec\" data-element_type=\"widget\" data-e-type=\"widget\" data-widget_type=\"heading.default\">\n\t\t\t\t<div class=\"elementor-widget-container\">\n\t\t\t\t\t<h2 class=\"elementor-heading-title elementor-size-default\"><a href=\"https:\/\/anr.fr\/fr\/agenda\/evenement-labcom-10-ans-presentation-generale\/\">Lundi 24 juin 2024 - 13h00 Amphi Martin<\/a><\/h2>\t\t\t\t<\/div>\n\t\t\t\t<\/div>\n\t\t\t\t<div class=\"elementor-element elementor-element-6755a6d elementor-widget elementor-widget-heading\" data-id=\"6755a6d\" data-element_type=\"widget\" data-e-type=\"widget\" data-widget_type=\"heading.default\">\n\t\t\t\t<div class=\"elementor-widget-container\">\n\t\t\t\t\t<h4 class=\"elementor-heading-title elementor-size-default\"><a href=\"https:\/\/ctm.u-bourgogne.fr\/wp-content\/uploads\/2024\/06\/20240624_Priscilla_Logerot.pdf\">Cliquez ici pour en savoir plus<\/a><\/h4>\t\t\t\t<\/div>\n\t\t\t\t<\/div>\n\t\t\t\t\t<\/div>\n\t\t<\/div>\n\t\t\t\t\t<\/div>\n\t\t<\/section>\n\t\t\t\t<section class=\"elementor-section elementor-top-section elementor-element elementor-element-20976d0 elementor-section-boxed elementor-section-height-default elementor-section-height-default\" data-id=\"20976d0\" data-element_type=\"section\" data-e-type=\"section\">\n\t\t\t\t\t\t<div class=\"elementor-container elementor-column-gap-default\">\n\t\t\t\t\t<div class=\"elementor-column elementor-col-100 elementor-top-column elementor-element elementor-element-59d5607\" data-id=\"59d5607\" data-element_type=\"column\" data-e-type=\"column\">\n\t\t\t<div class=\"elementor-widget-wrap elementor-element-populated\">\n\t\t\t\t\t\t<div class=\"elementor-element elementor-element-06651d9 elementor-widget elementor-widget-text-editor\" data-id=\"06651d9\" data-element_type=\"widget\" data-e-type=\"widget\" data-widget_type=\"text-editor.default\">\n\t\t\t\t<div class=\"elementor-widget-container\">\n\t\t\t\t\t\t\t\t\t<p>UFR Science de Sant\u00e9, 7 Bd Jeanne d&rsquo;Arc<\/p>\t\t\t\t\t\t\t\t<\/div>\n\t\t\t\t<\/div>\n\t\t\t\t\t<\/div>\n\t\t<\/div>\n\t\t\t\t\t<\/div>\n\t\t<\/section>\n\t\t\t\t<section class=\"elementor-section elementor-top-section elementor-element elementor-element-da086a6 elementor-section-boxed elementor-section-height-default elementor-section-height-default\" data-id=\"da086a6\" data-element_type=\"section\" data-e-type=\"section\">\n\t\t\t\t\t\t<div class=\"elementor-container elementor-column-gap-default\">\n\t\t\t\t\t<div class=\"elementor-column elementor-col-100 elementor-top-column elementor-element elementor-element-f218752\" data-id=\"f218752\" data-element_type=\"column\" data-e-type=\"column\">\n\t\t\t<div class=\"elementor-widget-wrap elementor-element-populated\">\n\t\t\t\t\t\t<div class=\"elementor-element elementor-element-b518628 elementor-widget elementor-widget-heading\" data-id=\"b518628\" data-element_type=\"widget\" data-e-type=\"widget\" data-widget_type=\"heading.default\">\n\t\t\t\t<div class=\"elementor-widget-container\">\n\t\t\t\t\t<h2 class=\"elementor-heading-title elementor-size-default\"><a href=\"https:\/\/www.u-bourgogne.fr\/actualites\/le-projet-ub-strada-laureat-de-lappel-a-projets-du-programme-gouvernemental-asdesr.html\"><span class=\"elementor-heading-title elementor-size-default elementor-inline-editing pen\" data-elementor-setting-key=\"title\" data-pen-placeholder=\"\u00c9crivez ici...\" style=\"border: 0px;font-size: 20px;border-radius: 30px;text-align: justify\">Priscilla a rejoint l\u2019Universit\u00e9 de Bourgogne en Janvier 2024 dans le cadre du projet STRADA (lien UB) <\/span><\/a><\/h2>\t\t\t\t<\/div>\n\t\t\t\t<\/div>\n\t\t\t\t\t<\/div>\n\t\t<\/div>\n\t\t\t\t\t<\/div>\n\t\t<\/section>\n\t\t\t\t<section class=\"elementor-section elementor-top-section elementor-element elementor-element-75ab05e elementor-section-boxed elementor-section-height-default elementor-section-height-default\" data-id=\"75ab05e\" data-element_type=\"section\" data-e-type=\"section\">\n\t\t\t\t\t\t<div class=\"elementor-container elementor-column-gap-default\">\n\t\t\t\t\t<div class=\"elementor-column elementor-col-100 elementor-top-column elementor-element elementor-element-5cca698\" data-id=\"5cca698\" data-element_type=\"column\" data-e-type=\"column\">\n\t\t\t<div class=\"elementor-widget-wrap elementor-element-populated\">\n\t\t\t\t\t\t<div class=\"elementor-element elementor-element-8645504 elementor-widget elementor-widget-heading\" data-id=\"8645504\" data-element_type=\"widget\" data-e-type=\"widget\" data-widget_type=\"heading.default\">\n\t\t\t\t<div class=\"elementor-widget-container\">\n\t\t\t\t\t<h5 class=\"elementor-heading-title elementor-size-default\"><br>Ce projet supporte la cr\u00e9ation d\u2019une cellule Europe soutenant l'uB, le CHU de Dijon et le Centre Georges Fran\u00e7ois Leclerc. Son r\u00f4le est d\u2019assister les chercheurs de ces institutions dans le d\u00e9veloppement, le montage et l\u2019\u00e9criture de projets europ\u00e9ens de recherche et d\u2019innovation, type Horizon Europe, mais s\u2019\u00e9tend \u00e9galement \u00e0 la veille, l\u2019information et la sensibilisation aux appels \u00e0 projets europ\u00e9ens.<br><br>\nTitulaire d\u2019un Doctorat en Neurosciences acquis \u00e0 The University of Auckland, Priscilla a \u00e9t\u00e9 chercheur en Nouvelle-Z\u00e9lande et aux USA (University of Southern California) avant de se r\u00e9orienter vers le management de recherche. Elle a exerc\u00e9 les fonctions de Conseill\u00e8re en financements \u00e0 Auckland UniServices Ltd et de Manager de Programme de Recherche au Auckland Bioengineering Institute avant de rejoindre l\u2019uB.<br><br><br><br><br><br><br><br><br><br><br><br><br><\/h5>\t\t\t\t<\/div>\n\t\t\t\t<\/div>\n\t\t\t\t\t<\/div>\n\t\t<\/div>\n\t\t\t\t\t<\/div>\n\t\t<\/section>\n\t\t\t\t<section class=\"elementor-section elementor-top-section elementor-element elementor-element-8b046c6 elementor-section-boxed elementor-section-height-default elementor-section-height-default\" data-id=\"8b046c6\" data-element_type=\"section\" data-e-type=\"section\">\n\t\t\t\t\t\t<div class=\"elementor-container elementor-column-gap-default\">\n\t\t\t\t\t<div class=\"elementor-column elementor-col-50 elementor-top-column elementor-element elementor-element-ef026ce\" data-id=\"ef026ce\" data-element_type=\"column\" data-e-type=\"column\">\n\t\t\t<div class=\"elementor-widget-wrap elementor-element-populated\">\n\t\t\t\t\t\t<div class=\"elementor-element elementor-element-44c235c elementor-widget__width-initial elementor-widget elementor-widget-image\" data-id=\"44c235c\" data-element_type=\"widget\" data-e-type=\"widget\" data-widget_type=\"image.default\">\n\t\t\t\t<div class=\"elementor-widget-container\">\n\t\t\t\t\t\t\t\t\t\t\t\t\t\t\t<img fetchpriority=\"high\" decoding=\"async\" width=\"900\" height=\"647\" src=\"https:\/\/ctm.ube.fr\/wp-content\/uploads\/2024\/07\/CTM-LOGO-SEMINARS-1024x736.png\" class=\"attachment-large size-large wp-image-5809\" alt=\"\" srcset=\"https:\/\/ctm.ube.fr\/wp-content\/uploads\/2024\/07\/CTM-LOGO-SEMINARS-1024x736.png 1024w, https:\/\/ctm.ube.fr\/wp-content\/uploads\/2024\/07\/CTM-LOGO-SEMINARS-300x216.png 300w, https:\/\/ctm.ube.fr\/wp-content\/uploads\/2024\/07\/CTM-LOGO-SEMINARS-768x552.png 768w, https:\/\/ctm.ube.fr\/wp-content\/uploads\/2024\/07\/CTM-LOGO-SEMINARS-1536x1104.png 1536w, https:\/\/ctm.ube.fr\/wp-content\/uploads\/2024\/07\/CTM-LOGO-SEMINARS-2048x1472.png 2048w\" sizes=\"(max-width: 900px) 100vw, 900px\" \/>\t\t\t\t\t\t\t\t\t\t\t\t\t\t\t<\/div>\n\t\t\t\t<\/div>\n\t\t\t\t\t<\/div>\n\t\t<\/div>\n\t\t\t\t<div class=\"elementor-column elementor-col-50 elementor-top-column elementor-element elementor-element-adebefe\" data-id=\"adebefe\" data-element_type=\"column\" data-e-type=\"column\">\n\t\t\t<div class=\"elementor-widget-wrap elementor-element-populated\">\n\t\t\t\t\t\t<div class=\"elementor-element elementor-element-0278ca8 elementor-widget__width-initial elementor-widget elementor-widget-image\" data-id=\"0278ca8\" data-element_type=\"widget\" data-e-type=\"widget\" data-widget_type=\"image.default\">\n\t\t\t\t<div class=\"elementor-widget-container\">\n\t\t\t\t\t\t\t\t\t\t\t\t\t\t\t<img decoding=\"async\" src=\"https:\/\/ctm.u-bourgogne.fr\/wp-content\/uploads\/2024\/06\/20240624_Priscilla_Logerot.pdf\" title=\"\" alt=\"Pr\u00e9sentation de STRADA\" loading=\"lazy\" \/>\t\t\t\t\t\t\t\t\t\t\t\t\t\t\t<\/div>\n\t\t\t\t<\/div>\n\t\t\t\t\t<\/div>\n\t\t<\/div>\n\t\t\t\t\t<\/div>\n\t\t<\/section>\n\t\t\t\t<\/div>\n\t\t","protected":false},"excerpt":{"rendered":"<p>Meeting CTM<\/p>\n","protected":false},"author":27,"featured_media":5809,"comment_status":"closed","ping_status":"closed","sticky":false,"template":"","format":"quote","meta":{"footnotes":""},"categories":[2],"tags":[],"class_list":["post-5681","post","type-post","status-publish","format-quote","has-post-thumbnail","hentry","category-actualite","post_format-post-format-quote"],"aioseo_notices":[],"_links":{"self":[{"href":"https:\/\/ctm.ube.fr\/index.php\/wp-json\/wp\/v2\/posts\/5681","targetHints":{"allow":["GET"]}}],"collection":[{"href":"https:\/\/ctm.ube.fr\/index.php\/wp-json\/wp\/v2\/posts"}],"about":[{"href":"https:\/\/ctm.ube.fr\/index.php\/wp-json\/wp\/v2\/types\/post"}],"author":[{"embeddable":true,"href":"https:\/\/ctm.ube.fr\/index.php\/wp-json\/wp\/v2\/users\/27"}],"replies":[{"embeddable":true,"href":"https:\/\/ctm.ube.fr\/index.php\/wp-json\/wp\/v2\/comments?post=5681"}],"version-history":[{"count":33,"href":"https:\/\/ctm.ube.fr\/index.php\/wp-json\/wp\/v2\/posts\/5681\/revisions"}],"predecessor-version":[{"id":5816,"href":"https:\/\/ctm.ube.fr\/index.php\/wp-json\/wp\/v2\/posts\/5681\/revisions\/5816"}],"wp:featuredmedia":[{"embeddable":true,"href":"https:\/\/ctm.ube.fr\/index.php\/wp-json\/wp\/v2\/media\/5809"}],"wp:attachment":[{"href":"https:\/\/ctm.ube.fr\/index.php\/wp-json\/wp\/v2\/media?parent=5681"}],"wp:term":[{"taxonomy":"category","embeddable":true,"href":"https:\/\/ctm.ube.fr\/index.php\/wp-json\/wp\/v2\/categories?post=5681"},{"taxonomy":"post_tag","embeddable":true,"href":"https:\/\/ctm.ube.fr\/index.php\/wp-json\/wp\/v2\/tags?post=5681"}],"curies":[{"name":"wp","href":"https:\/\/api.w.org\/{rel}","templated":true}]}}